{"id":1988,"date":"2026-04-29T04:44:00","date_gmt":"2026-04-28T23:14:00","guid":{"rendered":"https:\/\/www.editage.de\/blog\/?p=1988"},"modified":"2026-04-05T16:48:58","modified_gmt":"2026-04-05T11:18:58","slug":"interview-zitieren","status":"publish","type":"post","link":"https:\/\/www.editage.de\/blog\/interview-zitieren\/","title":{"rendered":"Wie man ein Interview im APA-, MLA- und Chicago-Zitierstil angibt\u00a0"},"content":{"rendered":"\n<p>Die Formatierung von Literaturangaben in wissenschaftlichen Arbeiten erfordert die Beachtung der Richtlinien der jeweiligen Zeitschrift sowie die Einhaltung eines bestimmten Zitierstils. Quellen k\u00f6nnen unterschiedlicher Art sein \u2013 etwa Fachzeitschriftenartikel, Konferenzbeitr\u00e4ge, B\u00fccher, technische Berichte oder Interviews. Wenn Sie eine Quelle zur Durchf\u00fchrung Ihrer Forschung herangezogen haben und diese in Ihrem Manuskript zitieren m\u00f6chten, m\u00fcssen alle zitierten Werke am Ende Ihrer Arbeit im Literaturverzeichnis aufgef\u00fchrt werden.&nbsp;<\/p>\n\n\n\n<p>Dieser Beitrag erl\u00e4utert, wie Interviews im APA-Stil (7. Auflage), MLA-Stil (9. Auflage) und Chicago-Stil (17. Auflage) zitiert und formatiert werden.&nbsp;<\/p>\n\n\n\n<p><strong><a href=\"#int-1\">Was sind Interviewzitate?<\/a><\/strong>\u00a0<\/p>\n\n\n\n<p><a href=\"#int-2\"><strong>Arten von Interviews<\/strong>\u00a0<\/a><\/p>\n\n\n\n<p><a href=\"#int-3\"><strong>Wie zitiert man Interviews im APA-Stil?<\/strong>\u00a0<\/a><\/p>\n\n\n\n<p><a href=\"#int-4\"><strong>Wie zitiert man Interviews im MLA-Stil?<\/strong>\u00a0<\/a><\/p>\n\n\n\n<p><a href=\"#int-5\"><strong>Wie zitiert man Interviews im Chicago-Stil?<\/strong>\u00a0<\/a><\/p>\n\n\n\n<h2 class=\"wp-block-heading\" id=\"int-1\"><strong>Was sind Interviewzitate?<\/strong>\u00a0<\/h2>\n\n\n\n<p>\u00c4hnlich wie bei der Zitierung von Fachartikeln oder anderen Quellen ist die Zitierung eines Interviews eine formale Anerkennung daf\u00fcr, dass eine Person zu Ihrer Forschung beigetragen hat. Interviews k\u00f6nnen unterschiedliche Formate haben \u2013 m\u00fcndlich gef\u00fchrt, als Videoaufzeichnung oder als E-Mail-Korrespondenz. Wichtig ist jedoch, dass Sie die Personen korrekt w\u00fcrdigen, die Sie bei Ihrer Forschung unterst\u00fctzt haben.&nbsp;&nbsp;<\/p>\n\n\n\n<p>Interviewzitate tragen zudem zur wissenschaftlichen Glaubw\u00fcrdigkeit bei, helfen Plagiate zu vermeiden, verhindern die Verbreitung von Fehlinformationen und stellen sicher, dass Ihre&nbsp;Quellen nachvollziehbar sind. Die genaue Form der Zitierung h\u00e4ngt sowohl von der Art des Interviews als auch von den Vorgaben des jeweiligen Zitierstils ab.&nbsp;<\/p>\n\n\n\n<h2 class=\"wp-block-heading\" id=\"int-2\"><strong>Arten von Interviews<\/strong>\u00a0<\/h2>\n\n\n\n<p>Bevor Sie sich mit der Formatierung von Interviewzitaten befassen, sollten Sie die Interviewarten kennen, die Ihnen im Rahmen Ihrer Forschung begegnen k\u00f6nnen. Grunds\u00e4tzlich lassen sich Interviews in zwei Kategorien einteilen:&nbsp;<strong>pers\u00f6nliche Interviews<\/strong>&nbsp;und&nbsp;<strong>ver\u00f6ffentlichte Interviews<\/strong>.&nbsp;<\/p>\n\n\n\n<h3 class=\"wp-block-heading\"><strong>Pers\u00f6nliche Interviews<\/strong>\u00a0<\/h3>\n\n\n\n<p>Interviews, die Sie selbst f\u00fchren \u2013 beispielsweise per Telefon, E-Mail, Videokonferenz oder Videoaufzeichnung \u2013 gelten als pers\u00f6nliche Interviews. Diese sind unver\u00f6ffentlicht, m\u00fcssen jedoch dennoch korrekt kenntlich gemacht werden.&nbsp;&nbsp;<\/p>\n\n\n\n<h3 class=\"wp-block-heading\"><strong>Ver\u00f6ffentlichte Interviews<\/strong>\u00a0<\/h3>\n\n\n\n<p>Ver\u00f6ffentlichte Interviews sind aufgezeichnete und \u00f6ffentlich zug\u00e4ngliche Interviews. Wenn Sie beispielsweise relevante Informationen aus einem Interview zitieren, das Sie in einer Zeitung gelesen, auf YouTube angesehen oder in einem Podcast geh\u00f6rt haben, m\u00fcssen diese Quellen als In-Text-Zitat gekennzeichnet und \u2013 wie andere Quellen auch \u2013 im Literaturverzeichnis aufgef\u00fchrt werden.&nbsp;<\/p>\n\n\n\n<h2 class=\"wp-block-heading\" id=\"int-3\"><strong>Wie zitiert man Interviews im APA-Stil?<\/strong>\u00a0<\/h2>\n\n\n\n<p>Der APA-Leitfaden (7. Auflage) unterscheidet zwischen ver\u00f6ffentlichten und unver\u00f6ffentlichten (pers\u00f6nlichen) Interviews.&nbsp;<\/p>\n\n\n\n<h3 class=\"wp-block-heading\"><strong>Zitierung unver\u00f6ffentlichter Interviews<\/strong>\u00a0<\/h3>\n\n\n\n<p>Im APA-Stil werden unver\u00f6ffentlichte Interviews ausschlie\u00dflich im Text zitiert und nicht im Literaturverzeichnis aufgef\u00fchrt, da sie f\u00fcr Leserinnen und Leser nicht zug\u00e4nglich oder auffindbar sind.&nbsp;<\/p>\n\n\n\n<figure class=\"wp-block-table\"><table class=\"has-fixed-layout\"><tbody><tr><td><strong>Format der In-Text-Zitation<\/strong>&nbsp;<\/td><td>(Initialen des Interviewten. Nachname, pers\u00f6nliche Kommunikation, Monat Tag Jahr)&nbsp;<\/td><\/tr><tr><td><strong>Beispiel<\/strong>&nbsp;<\/td><td>(J.D. Dover, pers\u00f6nliche Kommunikation, 21.&nbsp;Januar&nbsp;2026)&nbsp;<\/td><\/tr><\/tbody><\/table><\/figure>\n\n\n\n<h3 class=\"wp-block-heading\"><strong>Zitierung ver\u00f6ffentlichter Interviews<\/strong>\u00a0<\/h3>\n\n\n\n<p>Interviews, die in B\u00fcchern, Zeitschriften oder auf&nbsp;Social-Media-Plattformen ver\u00f6ffentlicht wurden, sind \u00f6ffentlich zug\u00e4nglich und m\u00fcssen sowohl im Haupttext zitiert als auch im Literaturverzeichnis aufgef\u00fchrt werden.&nbsp;<\/p>\n\n\n\n<figure class=\"wp-block-table\"><table class=\"has-fixed-layout\"><tbody><tr><td><strong>Format&nbsp;im&nbsp;Literaturverzeichnis<\/strong>&nbsp;<\/td><td>Nachname, Initialen. (Jahr, Monat Tag). Titel oder Beschreibung des Interviews [Art des Interviews].&nbsp;Name&nbsp;der&nbsp;Website\/Plattform. URL&nbsp;<\/td><\/tr><tr><td><strong>Beispiel<\/strong>&nbsp;<\/td><td>Federer, R. (2024, 19. September). Doctor Roger Federer will see you now [Podcast-Video]. YouTube. https:\/\/www.youtube.com\/watch?v=0foth8r3Zbg&nbsp;<\/td><\/tr><tr><td><strong>Format der In-Text-Zitation<\/strong>&nbsp;<\/td><td>(Nachname, Jahr)&nbsp;<\/td><\/tr><tr><td><strong>Beispiel<\/strong>&nbsp;<\/td><td>(Federer, 2024)&nbsp;<\/td><\/tr><\/tbody><\/table><\/figure>\n\n\n\n<h3 class=\"wp-block-heading\"><strong>APA-Zusammenfassung:\u00a0Wichtige\u00a0Punkte<\/strong>\u00a0<\/h3>\n\n\n\n<ul class=\"wp-block-list\">\n<li>Pers\u00f6nliche Interviews werden nicht im Literaturverzeichnis aufgef\u00fchrt; es sind nur In-Text-Zitate erforderlich.\u00a0<\/li>\n<\/ul>\n\n\n\n<ul class=\"wp-block-list\">\n<li>Ver\u00f6ffentlichte Interviews m\u00fcssen vollst\u00e4ndig im Literaturverzeichnis angegeben und zus\u00e4tzlich im Text zitiert werden.\u00a0<\/li>\n<\/ul>\n\n\n\n<ul class=\"wp-block-list\">\n<li>Verwenden Sie die Satzschreibung (sentence\u00a0case) f\u00fcr den Titel des Interviews und geben Sie die Plattform an.\u00a0<\/li>\n<\/ul>\n\n\n\n<ul class=\"wp-block-list\">\n<li>Ver\u00f6ffentlichte Interviews k\u00f6nnen in unterschiedlichen Formaten vorliegen: Podcast-Episode, Video, Zeitungs- oder Zeitschriftenartikel, Transkript usw. W\u00e4hlen Sie das Format, das es Leserinnen und Lesern am leichtesten macht, die Quelle nachzuvollziehen.\u00a0\u00a0<\/li>\n<\/ul>\n\n\n\n<h2 class=\"wp-block-heading\" id=\"int-4\"><strong>Wie zitiert man Interviews im MLA-Stil?<\/strong>\u00a0<\/h2>\n\n\n\n<p>Der MLA-Leitfaden (9. Auflage) verlangt, dass sowohl ver\u00f6ffentlichte als auch unver\u00f6ffentlichte Interviews sowohl im \u201eWorks&nbsp;Cited\u201c-Verzeichnis als auch im Haupttext aufgef\u00fchrt werden. Beachten Sie, dass Monatsangaben im MLA-Stil im Literaturverzeichnis abgek\u00fcrzt werden.&nbsp;&nbsp;<\/p>\n\n\n\n<h3 class=\"wp-block-heading\"><strong>Zitierung\u00a0unver\u00f6ffentlichter\u00a0Interviews<\/strong>\u00a0<\/h3>\n\n\n\n<figure class=\"wp-block-table\"><table class=\"has-fixed-layout\"><tbody><tr><td><strong>Format&nbsp;im&nbsp;Literaturverzeichnis<\/strong>&nbsp;<\/td><td>Nachname des Interviewten, Vorname. Pers\u00f6nliches Interview. Gef\u00fchrt von [Name der interviewenden Person, d. h. Ihr Name], Tag Monat Jahr.&nbsp;<\/td><\/tr><tr><td><strong>Beispiel<\/strong>&nbsp;<\/td><td>Conway, Devon. Pers\u00f6nliches Interview. Gef\u00fchrt von Jane Augustine, 23.&nbsp;Dez. 2025.&nbsp;<\/td><\/tr><tr><td><strong>Format der In-Text-Zitation<\/strong>&nbsp;<\/td><td>(Nachname&nbsp;des&nbsp;Interviewten)&nbsp;<\/td><\/tr><tr><td><strong>Beispiel<\/strong>&nbsp;<\/td><td>(Conway)&nbsp;<\/td><\/tr><\/tbody><\/table><\/figure>\n\n\n\n<h3 class=\"wp-block-heading\"><strong>Zitierung\u00a0ver\u00f6ffentlichter\u00a0Interviews<\/strong>\u00a0<\/h3>\n\n\n\n<figure class=\"wp-block-table\"><table class=\"has-fixed-layout\"><tbody><tr><td><strong>Format&nbsp;im&nbsp;Literaturverzeichnis<\/strong>&nbsp;<\/td><td>Nachname des Interviewten, Vorname. \u201eTitel des Interviews.\u201c Titel des Sammelwerks\/Containers, interviewt von [Name des Interviewers], Ver\u00f6ffentlichungsdatum, URL oder Seitenzahl.&nbsp;<\/td><\/tr><tr><td><strong>Beispiel<\/strong>&nbsp;<\/td><td>Leonard,&nbsp;Chris. \u201eCan ChatGPT Support Scholarly&nbsp;Communication?\u201c&nbsp;Editage Insights,&nbsp;interviewt&nbsp;von Mriganka&nbsp;Awati, 2. Feb. 2023,&nbsp;https:\/\/www.editage.com\/insights\/can-chatgpt-support-scholarly-communications-interview-with-christopher-leonard&nbsp;<\/td><\/tr><tr><td><strong>Format der In-Text-Zitation<\/strong>&nbsp;<\/td><td>(Nachname&nbsp;des&nbsp;Interviewten)&nbsp;<\/td><\/tr><tr><td><strong>Beispiel<\/strong>&nbsp;<\/td><td>(Leonard)&nbsp;<\/td><\/tr><\/tbody><\/table><\/figure>\n\n\n\n<h3 class=\"wp-block-heading\"><strong>MLA-Zusammenfassung:\u00a0Wichtige\u00a0Punkte<\/strong>\u00a0<\/h3>\n\n\n\n<ul class=\"wp-block-list\">\n<li>Sowohl pers\u00f6nliche Mitteilungen als auch ver\u00f6ffentlichte Interviews m\u00fcssen im Haupttext zitiert und im Literaturverzeichnis aufgef\u00fchrt werden.\u00a0<\/li>\n<\/ul>\n\n\n\n<ul class=\"wp-block-list\">\n<li>Der Titel des Interviews wird in Title Case geschrieben (wichtige W\u00f6rter im Titel werden gro\u00dfgeschrieben).\u00a0<\/li>\n<\/ul>\n\n\n\n<ul class=\"wp-block-list\">\n<li>Der Name der interviewenden Person sollte \u2013 sofern bekannt \u2013 angegeben werden.\u00a0<\/li>\n<\/ul>\n\n\n\n<h2 class=\"wp-block-heading\" id=\"int-5\"><strong>Wie zitiert man Interviews im Chicago-Stil?<\/strong>\u00a0<\/h2>\n\n\n\n<p>Im&nbsp;Chicago&nbsp;Manual of Style (17.&nbsp;Auflage) gibt es zwei Zitierformate: das&nbsp;<strong>Autor-Datum-System<\/strong>&nbsp;und das&nbsp;<strong>Notes-and-Bibliography-System<\/strong>&nbsp;(Fu\u00dfnoten- und Literaturverzeichnis-System). Das Autor-Datum-System wird h\u00e4ufig in den Natur- und Sozialwissenschaften verwendet. In den Geisteswissenschaften wird in der Regel das Notes-and-Bibliography-System bevorzugt. Die Zitierweise f\u00fcr Interviews unterscheidet sich je nach System.&nbsp;&nbsp;<\/p>\n\n\n\n<h3 class=\"wp-block-heading\"><strong>Zitierung unver\u00f6ffentlichter Interviews<\/strong>\u00a0<\/h3>\n\n\n\n<p>In beiden Systemen m\u00fcssen unver\u00f6ffentlichte Interviews nicht im Literaturverzeichnis aufgef\u00fchrt werden. Das bedeutet: Im Autor-Datum-System wird nur ein In-Text-Zitat angegeben; im Notes-and-Bibliography-System wird das Interview ausschlie\u00dflich in einer Fu\u00dfnote erw\u00e4hnt und nicht im Literaturverzeichnis aufgef\u00fchrt.&nbsp;<\/p>\n\n\n\n<figure class=\"wp-block-table\"><table class=\"has-fixed-layout\"><tbody><tr><td colspan=\"2\"><strong>Notes-and-Bibliography-System<\/strong>&nbsp;<\/td><\/tr><tr><td><strong>Format der&nbsp;Fu\u00dfnote<\/strong>&nbsp;<\/td><td>1.&nbsp;Vorname Nachname des Interviewten, Interview gef\u00fchrt von [Ihr Name], Monat Tag, Jahr.&nbsp;<\/td><\/tr><tr><td><strong>Beispiel<\/strong>&nbsp;<\/td><td>1.&nbsp;Steve Rogers, Interview&nbsp;gef\u00fchrt&nbsp;von John Harper, 23. September 2025&nbsp;<\/td><\/tr><tr><td colspan=\"2\"><strong>Autor-Datum-System<\/strong>&nbsp;<\/td><\/tr><tr><td><strong>Format der In-Text-Zitation<\/strong>&nbsp;<\/td><td>(Nachname&nbsp;Jahr)&nbsp;<\/td><\/tr><tr><td><strong>Beispiel<\/strong>&nbsp;<\/td><td>(Rogers 2025)&nbsp;<\/td><\/tr><\/tbody><\/table><\/figure>\n\n\n\n<h3 class=\"wp-block-heading\"><strong>Zitierung\u00a0ver\u00f6ffentlichter\u00a0Interviews<\/strong>\u00a0<\/h3>\n\n\n\n<p>Ver\u00f6ffentlichte Interviews m\u00fcssen \u2013 wie alle anderen Quellen \u2013 in beiden Systemen vollst\u00e4ndig angegeben werden, wenn Sie dem Chicago-Zitierstil folgen.&nbsp;<\/p>\n\n\n\n<figure class=\"wp-block-table\"><table class=\"has-fixed-layout\"><tbody><tr><td><strong>Format&nbsp;im&nbsp;Literaturverzeichnis<\/strong>&nbsp;<\/td><td>Nachname des Interviewten, Vorname. Titel des Interviews. Interview gef\u00fchrt von [Name des Interviewers].&nbsp;Name der&nbsp;Plattform&nbsp;oder&nbsp;des&nbsp;Verlags. Monat Tag, Jahr.&nbsp;<\/td><\/tr><tr><td><strong>Beispiel<\/strong>&nbsp;<\/td><td>Federer, Roger. Doctor Roger Federer Will See You Now.&nbsp;Interview gef\u00fchrt von Trevor Noah.&nbsp;YouTube. 19. September 2024.&nbsp;<\/td><\/tr><tr><td colspan=\"2\"><strong>Notes-and-Bibliography-System<\/strong>&nbsp;<\/td><\/tr><tr><td><strong>Format der&nbsp;Fu\u00dfnote<\/strong>&nbsp;<\/td><td>1.&nbsp;Vorname Nachname des Interviewten, Interview gef\u00fchrt von [Name des Interviewers], Monat Tag, Jahr.&nbsp;<\/td><\/tr><tr><td><strong>Beispiel<\/strong>&nbsp;<\/td><td>1.&nbsp;Roger Federer, Interview gef\u00fchrt von Trevor Noah, 19.&nbsp;September 2024.&nbsp;<\/td><\/tr><tr><td colspan=\"2\"><strong>Autor-Datum-System<\/strong>&nbsp;<\/td><\/tr><tr><td><strong>Format der In-Text-Zitation<\/strong>&nbsp;<\/td><td>(Nachname&nbsp;Jahr)&nbsp;<\/td><\/tr><tr><td><strong>Beispiel<\/strong>&nbsp;<\/td><td>(Federer 2024)&nbsp;<\/td><\/tr><\/tbody><\/table><\/figure>\n\n\n\n<h3 class=\"wp-block-heading\"><strong>Chicago-Zusammenfassung:\u00a0Wichtige\u00a0Punkte<\/strong>\u00a0<\/h3>\n\n\n\n<ul class=\"wp-block-list\">\n<li>Das Zitier\u00adsystem kann je nach Fachrichtung gew\u00e4hlt oder gem\u00e4\u00df den Einreichungsrichtlinien festgelegt werden.\u00a0<\/li>\n<\/ul>\n\n\n\n<ul class=\"wp-block-list\">\n<li>Pers\u00f6nliche Interviews werden in beiden Systemen nur als Fu\u00dfnote oder als In-Text-Zitat angegeben und nicht im Literaturverzeichnis aufgef\u00fchrt.\u00a0<\/li>\n<\/ul>\n\n\n\n<ul class=\"wp-block-list\">\n<li>Als Artikel oder Video ver\u00f6ffentlichte Interviews erfordern eine vollst\u00e4ndige Angabe im Literaturverzeichnis und m\u00fcssen zus\u00e4tzlich im Haupttext als Fu\u00dfnote oder In-Text-Zitat zitiert werden.\u00a0<\/li>\n<\/ul>\n\n\n\n<p><strong><em>Verbringen Sie mehr Zeit mit Ihrer Forschung und weniger mit Formatierungsfragen. Informieren Sie sich \u00fcber die\u00a0<\/em><\/strong><a href=\"https:\/\/www.editage.de\/dienstleistungen\" target=\"_blank\" rel=\"noreferrer noopener\"><strong>Manuskript-Formatierungsservices<\/strong><\/a><strong><em>\u00a0von Editage und erhalten Sie professionelle Unterst\u00fctzung bei der Zeitschriftenformatierung.<\/em><\/strong>\u00a0<\/p>\n","protected":false},"excerpt":{"rendered":"<p>Die Formatierung von Literaturangaben in wissenschaftlichen Arbeiten erfordert die Beachtung der Richtlinien der jeweiligen Zeitschrift sowie die Einhaltung eines bestimmten Zitierstils. Quellen k\u00f6nnen unterschiedlicher Art sein \u2013 etwa Fachzeitschriftenartikel, Konferenzbeitr\u00e4ge, B\u00fccher, technische Berichte oder Interviews. Wenn Sie eine Quelle zur Durchf\u00fchrung Ihrer Forschung herangezogen haben und diese in Ihrem Manuskript zitieren m\u00f6chten, m\u00fcssen alle zitierten [&hellip;]<\/p>\n","protected":false},"author":11,"featured_media":1991,"comment_status":"open","ping_status":"open","sticky":false,"template":"","format":"standard","meta":{"inline_featured_image":false,"footnotes":""},"categories":[457],"tags":[532],"ppma_author":[520],"class_list":["post-1988","post","type-post","status-publish","format-standard","has-post-thumbnail","hentry","category-latest-articles","tag-interviewzitate"],"yoast_head":"<!-- This site is optimized with the Yoast SEO plugin v22.0 - https:\/\/yoast.com\/wordpress\/plugins\/seo\/ -->\n<title>Zitieren von Interviews in APA, MLA und Chicago: Ein vollst\u00e4ndiger Leitfaden | Editage Germany<\/title>\n<meta name=\"description\" content=\"Erfahren Sie, wie Sie Interviews korrekt im APA-, MLA- und Chicago-Format zitieren, mit anschaulichen Beispielen f\u00fcr ver\u00f6ffentlichte und unver\u00f6ffentlichte Interviews.\" \/>\n<meta name=\"robots\" content=\"index, follow, max-snippet:-1, max-image-preview:large, max-video-preview:-1\" \/>\n<link rel=\"canonical\" href=\"https:\/\/www.editage.de\/blog\/interview-zitieren\/\" \/>\n<meta property=\"og:locale\" content=\"en_US\" \/>\n<meta property=\"og:type\" content=\"article\" \/>\n<meta property=\"og:title\" content=\"Zitieren von Interviews in APA, MLA und Chicago: Ein vollst\u00e4ndiger Leitfaden | Editage Germany\" \/>\n<meta property=\"og:description\" content=\"Erfahren Sie, wie Sie Interviews korrekt im APA-, MLA- und Chicago-Format zitieren, mit anschaulichen Beispielen f\u00fcr ver\u00f6ffentlichte und unver\u00f6ffentlichte Interviews.\" \/>\n<meta property=\"og:url\" content=\"https:\/\/www.editage.de\/blog\/interview-zitieren\/\" \/>\n<meta property=\"og:site_name\" content=\"Editage Denmark Official Blog\" \/>\n<meta property=\"article:published_time\" content=\"2026-04-28T23:14:00+00:00\" \/>\n<meta property=\"article:modified_time\" content=\"2026-04-05T11:18:58+00:00\" \/>\n<meta property=\"og:image\" content=\"https:\/\/www.editage.de\/blog\/wp-content\/uploads\/2026\/04\/interview-citation-850x560-1.png\" \/>\n\t<meta property=\"og:image:width\" content=\"850\" \/>\n\t<meta property=\"og:image:height\" content=\"560\" \/>\n\t<meta property=\"og:image:type\" content=\"image\/png\" \/>\n<meta name=\"author\" content=\"Editor_team\" \/>\n<meta name=\"twitter:card\" content=\"summary_large_image\" \/>\n<meta name=\"twitter:label1\" content=\"Written by\" \/>\n\t<meta name=\"twitter:data1\" content=\"Editor_team\" \/>\n\t<meta name=\"twitter:label2\" content=\"Est. reading time\" \/>\n\t<meta name=\"twitter:data2\" content=\"5 minutes\" \/>\n<script type=\"application\/ld+json\" class=\"yoast-schema-graph\">{\"@context\":\"https:\/\/schema.org\",\"@graph\":[{\"@type\":\"WebPage\",\"@id\":\"https:\/\/www.editage.de\/blog\/interview-zitieren\/\",\"url\":\"https:\/\/www.editage.de\/blog\/interview-zitieren\/\",\"name\":\"Zitieren von Interviews in APA, MLA und Chicago: Ein vollst\u00e4ndiger Leitfaden | Editage Germany\",\"isPartOf\":{\"@id\":\"https:\/\/www.editage.de\/blog\/#website\"},\"datePublished\":\"2026-04-28T23:14:00+00:00\",\"dateModified\":\"2026-04-05T11:18:58+00:00\",\"author\":{\"@id\":\"https:\/\/www.editage.de\/blog\/#\/schema\/person\/92ec69793d122aacd7bbb3db06d3fbde\"},\"description\":\"Erfahren Sie, wie Sie Interviews korrekt im APA-, MLA- und Chicago-Format zitieren, mit anschaulichen Beispielen f\u00fcr ver\u00f6ffentlichte und unver\u00f6ffentlichte Interviews.\",\"breadcrumb\":{\"@id\":\"https:\/\/www.editage.de\/blog\/interview-zitieren\/#breadcrumb\"},\"inLanguage\":\"en-US\",\"potentialAction\":[{\"@type\":\"ReadAction\",\"target\":[\"https:\/\/www.editage.de\/blog\/interview-zitieren\/\"]}]},{\"@type\":\"BreadcrumbList\",\"@id\":\"https:\/\/www.editage.de\/blog\/interview-zitieren\/#breadcrumb\",\"itemListElement\":[{\"@type\":\"ListItem\",\"position\":1,\"name\":\"Home\",\"item\":\"https:\/\/www.editage.de\/blog\/\"},{\"@type\":\"ListItem\",\"position\":2,\"name\":\"Latest Articles\",\"item\":\"https:\/\/www.editage.de\/blog\/category\/latest-articles\/\"},{\"@type\":\"ListItem\",\"position\":3,\"name\":\"Wie man ein Interview im APA-, MLA- und Chicago-Zitierstil angibt\u00a0\"}]},{\"@type\":\"WebSite\",\"@id\":\"https:\/\/www.editage.de\/blog\/#website\",\"url\":\"https:\/\/www.editage.de\/blog\/\",\"name\":\"Editage Denmark Official Blog\",\"description\":\"Editage Denmark Official Blog\",\"potentialAction\":[{\"@type\":\"SearchAction\",\"target\":{\"@type\":\"EntryPoint\",\"urlTemplate\":\"https:\/\/www.editage.de\/blog\/?s={search_term_string}\"},\"query-input\":\"required name=search_term_string\"}],\"inLanguage\":\"en-US\"},{\"@type\":\"Person\",\"@id\":\"https:\/\/www.editage.de\/blog\/#\/schema\/person\/92ec69793d122aacd7bbb3db06d3fbde\",\"name\":\"Editor_team\",\"image\":{\"@type\":\"ImageObject\",\"inLanguage\":\"en-US\",\"@id\":\"https:\/\/www.editage.de\/blog\/#\/schema\/person\/image\/b5cd9bcfae2cda74669cbb2a1d12b132\",\"url\":\"https:\/\/secure.gravatar.com\/avatar\/62cf8bce87e208b67bbfc61b066fd8840c479675791429175b613b1175b0bae3?s=96&d=mm&r=g\",\"contentUrl\":\"https:\/\/secure.gravatar.com\/avatar\/62cf8bce87e208b67bbfc61b066fd8840c479675791429175b613b1175b0bae3?s=96&d=mm&r=g\",\"caption\":\"Editor_team\"},\"url\":\"https:\/\/www.editage.de\/blog\/author\/editor_team\/\"}]}<\/script>\n<!-- \/ Yoast SEO plugin. -->","yoast_head_json":{"title":"Zitieren von Interviews in APA, MLA und Chicago: Ein vollst\u00e4ndiger Leitfaden | Editage Germany","description":"Erfahren Sie, wie Sie Interviews korrekt im APA-, MLA- und Chicago-Format zitieren, mit anschaulichen Beispielen f\u00fcr ver\u00f6ffentlichte und unver\u00f6ffentlichte Interviews.","robots":{"index":"index","follow":"follow","max-snippet":"max-snippet:-1","max-image-preview":"max-image-preview:large","max-video-preview":"max-video-preview:-1"},"canonical":"https:\/\/www.editage.de\/blog\/interview-zitieren\/","og_locale":"en_US","og_type":"article","og_title":"Zitieren von Interviews in APA, MLA und Chicago: Ein vollst\u00e4ndiger Leitfaden | Editage Germany","og_description":"Erfahren Sie, wie Sie Interviews korrekt im APA-, MLA- und Chicago-Format zitieren, mit anschaulichen Beispielen f\u00fcr ver\u00f6ffentlichte und unver\u00f6ffentlichte Interviews.","og_url":"https:\/\/www.editage.de\/blog\/interview-zitieren\/","og_site_name":"Editage Denmark Official Blog","article_published_time":"2026-04-28T23:14:00+00:00","article_modified_time":"2026-04-05T11:18:58+00:00","og_image":[{"width":850,"height":560,"url":"https:\/\/www.editage.de\/blog\/wp-content\/uploads\/2026\/04\/interview-citation-850x560-1.png","type":"image\/png"}],"author":"Editor_team","twitter_card":"summary_large_image","twitter_misc":{"Written by":"Editor_team","Est. reading time":"5 minutes"},"schema":{"@context":"https:\/\/schema.org","@graph":[{"@type":"WebPage","@id":"https:\/\/www.editage.de\/blog\/interview-zitieren\/","url":"https:\/\/www.editage.de\/blog\/interview-zitieren\/","name":"Zitieren von Interviews in APA, MLA und Chicago: Ein vollst\u00e4ndiger Leitfaden | Editage Germany","isPartOf":{"@id":"https:\/\/www.editage.de\/blog\/#website"},"datePublished":"2026-04-28T23:14:00+00:00","dateModified":"2026-04-05T11:18:58+00:00","author":{"@id":"https:\/\/www.editage.de\/blog\/#\/schema\/person\/92ec69793d122aacd7bbb3db06d3fbde"},"description":"Erfahren Sie, wie Sie Interviews korrekt im APA-, MLA- und Chicago-Format zitieren, mit anschaulichen Beispielen f\u00fcr ver\u00f6ffentlichte und unver\u00f6ffentlichte Interviews.","breadcrumb":{"@id":"https:\/\/www.editage.de\/blog\/interview-zitieren\/#breadcrumb"},"inLanguage":"en-US","potentialAction":[{"@type":"ReadAction","target":["https:\/\/www.editage.de\/blog\/interview-zitieren\/"]}]},{"@type":"BreadcrumbList","@id":"https:\/\/www.editage.de\/blog\/interview-zitieren\/#breadcrumb","itemListElement":[{"@type":"ListItem","position":1,"name":"Home","item":"https:\/\/www.editage.de\/blog\/"},{"@type":"ListItem","position":2,"name":"Latest Articles","item":"https:\/\/www.editage.de\/blog\/category\/latest-articles\/"},{"@type":"ListItem","position":3,"name":"Wie man ein Interview im APA-, MLA- und Chicago-Zitierstil angibt\u00a0"}]},{"@type":"WebSite","@id":"https:\/\/www.editage.de\/blog\/#website","url":"https:\/\/www.editage.de\/blog\/","name":"Editage Denmark Official Blog","description":"Editage Denmark Official Blog","potentialAction":[{"@type":"SearchAction","target":{"@type":"EntryPoint","urlTemplate":"https:\/\/www.editage.de\/blog\/?s={search_term_string}"},"query-input":"required name=search_term_string"}],"inLanguage":"en-US"},{"@type":"Person","@id":"https:\/\/www.editage.de\/blog\/#\/schema\/person\/92ec69793d122aacd7bbb3db06d3fbde","name":"Editor_team","image":{"@type":"ImageObject","inLanguage":"en-US","@id":"https:\/\/www.editage.de\/blog\/#\/schema\/person\/image\/b5cd9bcfae2cda74669cbb2a1d12b132","url":"https:\/\/secure.gravatar.com\/avatar\/62cf8bce87e208b67bbfc61b066fd8840c479675791429175b613b1175b0bae3?s=96&d=mm&r=g","contentUrl":"https:\/\/secure.gravatar.com\/avatar\/62cf8bce87e208b67bbfc61b066fd8840c479675791429175b613b1175b0bae3?s=96&d=mm&r=g","caption":"Editor_team"},"url":"https:\/\/www.editage.de\/blog\/author\/editor_team\/"}]}},"publishpress_future_action":{"enabled":false,"date":"1970-01-01 05:30:00","action":"","terms":[],"taxonomy":"","browser_timezone_offset":0},"authors":[{"term_id":520,"user_id":11,"is_guest":0,"slug":"editor_team","display_name":"Editor_team","avatar_url":"https:\/\/secure.gravatar.com\/avatar\/62cf8bce87e208b67bbfc61b066fd8840c479675791429175b613b1175b0bae3?s=96&d=mm&r=g","user_url":"","last_name":"","first_name":"","description":""}],"_links":{"self":[{"href":"https:\/\/www.editage.de\/blog\/wp-json\/wp\/v2\/posts\/1988","targetHints":{"allow":["GET"]}}],"collection":[{"href":"https:\/\/www.editage.de\/blog\/wp-json\/wp\/v2\/posts"}],"about":[{"href":"https:\/\/www.editage.de\/blog\/wp-json\/wp\/v2\/types\/post"}],"author":[{"embeddable":true,"href":"https:\/\/www.editage.de\/blog\/wp-json\/wp\/v2\/users\/11"}],"replies":[{"embeddable":true,"href":"https:\/\/www.editage.de\/blog\/wp-json\/wp\/v2\/comments?post=1988"}],"version-history":[{"count":1,"href":"https:\/\/www.editage.de\/blog\/wp-json\/wp\/v2\/posts\/1988\/revisions"}],"predecessor-version":[{"id":1989,"href":"https:\/\/www.editage.de\/blog\/wp-json\/wp\/v2\/posts\/1988\/revisions\/1989"}],"wp:featuredmedia":[{"embeddable":true,"href":"https:\/\/www.editage.de\/blog\/wp-json\/wp\/v2\/media\/1991"}],"wp:attachment":[{"href":"https:\/\/www.editage.de\/blog\/wp-json\/wp\/v2\/media?parent=1988"}],"wp:term":[{"taxonomy":"category","embeddable":true,"href":"https:\/\/www.editage.de\/blog\/wp-json\/wp\/v2\/categories?post=1988"},{"taxonomy":"post_tag","embeddable":true,"href":"https:\/\/www.editage.de\/blog\/wp-json\/wp\/v2\/tags?post=1988"},{"taxonomy":"author","embeddable":true,"href":"https:\/\/www.editage.de\/blog\/wp-json\/wp\/v2\/ppma_author?post=1988"}],"curies":[{"name":"wp","href":"https:\/\/api.w.org\/{rel}","templated":true}]}}